{"id":23,"date":"2014-08-13T00:05:51","date_gmt":"2014-08-12T22:05:51","guid":{"rendered":"http:\/\/31ppp.de\/michael-buchner\/?p=23"},"modified":"2014-08-13T00:05:51","modified_gmt":"2014-08-12T22:05:51","slug":"wie-alles-begann","status":"publish","type":"post","link":"https:\/\/31ppp.de\/michael-buchner\/2014\/08\/13\/wie-alles-begann\/","title":{"rendered":"Wie alles begann&#8230;"},"content":{"rendered":"<p style=\"margin: 0cm 0cm 8pt\"><span style=\"color: #000000;font-family: Calibri;font-size: medium\">Das Schuljahr hatte gerade erst begonnen. Wir sa\u00dfen in unserer Mittagspause in der Aula und warteten sehns\u00fcchtig auf den Nachmittagsunterricht &#8211; so wie jeder andere Sch\u00fcler halt ^^<\/span><\/p>\n<p style=\"margin: 0cm 0cm 8pt\"><span style=\"color: #000000;font-family: Calibri;font-size: medium\">Da sprang mir und einer Freundin etwas ins Auge. Direkt unter dem Foto unseres Bundespr\u00e4sidenten und \u00fcber dem Plakat von Konrad Zuse. Ein Foto der Freiheitsstatue. <\/span><\/p>\n<p style=\"margin: 0cm 0cm 8pt\"><span style=\"color: #000000;font-family: Calibri;font-size: medium\">Was hat das zu bedeuten? PPP? Das mussten wir uns genauer ansehen. Viel Infos gingen aber aus dem Plakat nicht hervor, doch die n\u00e4chsten Unterrichtsstunden boten genug Zeit das Internet zu durchforsten. Es h\u00f6rte sich fantastisch an, woraufhin wir zwei beschlossen uns einfach mal blau\u00e4ugig zu bewerben. W\u00e4hrend sich die Mitsch\u00fclerin von mir deutlich ins Zeug legte, war ich etwas genervt von den vielen Fragen und fasste mich dementsprechend kurz \ud83d\ude09 Das ganze gestaltete sich dennoch als relativ aufwendig mit den ganzen zus\u00e4tzlichen Dokumenten wie Empfehlungsschreiben, Gesundheitszeugnissen echten Zeugnissen&#8230;<\/span><\/p>\n<p style=\"margin: 0cm 0cm 8pt\"><span style=\"color: #000000;font-family: Calibri;font-size: medium\">Alles in allem hatte ich meine Dokumente 2 Tage vor Fristende zusammen und konnte die Bewerbung (es gab ja nicht viel zu verlieren) abschicken. Die Bewerbung meiner Mitsch\u00fclerin<\/span><\/p>\n<p style=\"margin: 0cm 0cm 8pt\"><span style=\"color: #000000;font-family: Calibri;font-size: medium\">lag damals bereits einige Zeit bei der GIZ &#8211; ich bin da eher der &#8220;Last Minute&#8221;-Mensch. ^^<\/span><\/p>\n<p style=\"margin: 0cm 0cm 8pt\"><span style=\"color: #000000;font-family: Calibri;font-size: medium\">\u00a0<\/span><\/p>\n","protected":false},"excerpt":{"rendered":"<p>Das Schuljahr hatte gerade erst begonnen. Wir sa\u00dfen in unserer Mittagspause in der Aula und warteten sehns\u00fcchtig auf den Nachmittagsunterricht &#8211; so wie jeder andere Sch\u00fcler halt ^^ Da sprang mir und einer Freundin etwas ins Auge. Direkt unter dem Foto unseres Bundespr\u00e4sidenten und \u00fcber dem Plakat von Konrad Zuse. Ein Foto der Freiheitsstatue. Was [&hellip;]<\/p>\n","protected":false},"author":23,"featured_media":0,"comment_status":"open","ping_status":"open","sticky":false,"template":"","format":"standard","meta":{"_s2mail":"yes","footnotes":""},"categories":[1],"tags":[],"class_list":["post-23","post","type-post","status-publish","format-standard","hentry","category-allgemein"],"_links":{"self":[{"href":"https:\/\/31ppp.de\/michael-buchner\/wp-json\/wp\/v2\/posts\/23","targetHints":{"allow":["GET"]}}],"collection":[{"href":"https:\/\/31ppp.de\/michael-buchner\/wp-json\/wp\/v2\/posts"}],"about":[{"href":"https:\/\/31ppp.de\/michael-buchner\/wp-json\/wp\/v2\/types\/post"}],"author":[{"embeddable":true,"href":"https:\/\/31ppp.de\/michael-buchner\/wp-json\/wp\/v2\/users\/23"}],"replies":[{"embeddable":true,"href":"https:\/\/31ppp.de\/michael-buchner\/wp-json\/wp\/v2\/comments?post=23"}],"version-history":[{"count":1,"href":"https:\/\/31ppp.de\/michael-buchner\/wp-json\/wp\/v2\/posts\/23\/revisions"}],"predecessor-version":[{"id":24,"href":"https:\/\/31ppp.de\/michael-buchner\/wp-json\/wp\/v2\/posts\/23\/revisions\/24"}],"wp:attachment":[{"href":"https:\/\/31ppp.de\/michael-buchner\/wp-json\/wp\/v2\/media?parent=23"}],"wp:term":[{"taxonomy":"category","embeddable":true,"href":"https:\/\/31ppp.de\/michael-buchner\/wp-json\/wp\/v2\/categories?post=23"},{"taxonomy":"post_tag","embeddable":true,"href":"https:\/\/31ppp.de\/michael-buchner\/wp-json\/wp\/v2\/tags?post=23"}],"curies":[{"name":"wp","href":"https:\/\/api.w.org\/{rel}","templated":true}]}}